{"id":1897,"date":"2024-06-14T10:45:05","date_gmt":"2024-06-14T15:45:05","guid":{"rendered":"https:\/\/www.grupotrianon.com\/trianon-ascensores\/?p=1897"},"modified":"2024-06-14T10:45:05","modified_gmt":"2024-06-14T15:45:05","slug":"economia-circular-grupo-trianon-y-softys","status":"publish","type":"post","link":"https:\/\/www.grupotrianon.com\/trianon-ascensores\/2024\/06\/14\/economia-circular-grupo-trianon-y-softys\/","title":{"rendered":"Econom\u00eda Circular: Grupo TRIANON y SOFTYS"},"content":{"rendered":"<p>Terminando el 2023, Grupo TRIANON y SOFTYS, empresa perteneciente al Holding \u201cEmpresas CMPC\u201d que lideran el Ranking Mundial de la industria forestal\u00a0y\u00a0papelera, realizaron un acuerdo para el reciclaje y valorizaci\u00f3n del papel, en el marco de la Sostenibilidad que ambas empresas impulsan.<\/p>\n<p>El acuerdo pactado entre las empresas, representadas por el Arq. Luis Zwiebach y Yahaira Castro, permitir\u00e1 reciclar todo el material de papel y cart\u00f3n que generen las empresas del Grupo TRIANON, envi\u00e1ndolos a la Planta de SOFTYS donde ingresar\u00e1n a su cadena\u00a0productiva, para regresar en forma de papel higi\u00e9nico, servilletas, y otros.<\/p>\n<p>Esta colaboraci\u00f3n que permitir\u00e1 el reaprovechamiento de residuos, contribuye a la <strong>econom\u00eda circular<\/strong>, promoviendo as\u00ed, pr\u00e1cticas sostenibles y coherentes al compromiso del cuidado medio ambiental.<\/p>\n<p><img loading=\"lazy\" decoding=\"async\" class=\"size-medium wp-image-1898 aligncenter\" src=\"https:\/\/www.grupotrianon.com\/trianon-ascensores\/wp-content\/uploads\/2024\/06\/post-trianon-softys-interna-300x225.jpg\" alt=\"\" width=\"300\" height=\"225\" srcset=\"https:\/\/www.grupotrianon.com\/trianon-ascensores\/wp-content\/uploads\/2024\/06\/post-trianon-softys-interna-300x225.jpg 300w, https:\/\/www.grupotrianon.com\/trianon-ascensores\/wp-content\/uploads\/2024\/06\/post-trianon-softys-interna-768x576.jpg 768w, https:\/\/www.grupotrianon.com\/trianon-ascensores\/wp-content\/uploads\/2024\/06\/post-trianon-softys-interna.jpg 1024w\" sizes=\"auto, (max-width: 300px) 100vw, 300px\" \/><\/p>\n<p style=\"text-align: center; font-size: 12px; margin-bottom: 0px;\"><em>De izquierda a derecha: El Arq. Luis Zwiebach, Fundador de Grupo TRIANON; Yahaira Castro, <\/em><\/p>\n<p style=\"text-align: center; font-size: 12px; margin-bottom: 0px;\"><em>representante de SOFTYS; Cecilia Suarez, Gerente de Administraci\u00f3n Grupo Trianon; <\/em><\/p>\n<p style=\"text-align: center; font-size: 12px; margin-bottom: 10px;\"><em>Liz Berrocal, Jefe de Gesti\u00f3n de la Calidad y D\u00e9bora Fern\u00e1ndez,\u00a0Analista\u00a0de\u00a0SGA<\/em><\/p>\n<p>Contacte con las Empresas de Grupo TRIANON para conocer sus soluciones sostenibles\u2026 <a href=\"http:\/\/www.grupotrianon.com\" target=\"_blank\" rel=\"noopener\">Clic Aqu\u00ed<\/a><\/p>\n","protected":false},"excerpt":{"rendered":"<p>Terminando el 2023, Grupo TRIANON y SOFTYS, empresa perteneciente al Holding \u201cEmpresas CMPC\u201d que lideran el Ranking Mundial de la industria forestal y papelera, realizaron un acuerdo para el reciclaje y valorizaci\u00f3n del papel\u2026 <\/p>\n","protected":false},"author":1,"featured_media":1899,"comment_status":"open","ping_status":"open","sticky":false,"template":"","format":"standard","meta":{"footnotes":""},"categories":[1],"tags":[],"class_list":["post-1897","post","type-post","status-publish","format-standard","has-post-thumbnail","hentry","category-uncategorized"],"aioseo_notices":[],"_links":{"self":[{"href":"https:\/\/www.grupotrianon.com\/trianon-ascensores\/wp-json\/wp\/v2\/posts\/1897","targetHints":{"allow":["GET"]}}],"collection":[{"href":"https:\/\/www.grupotrianon.com\/trianon-ascensores\/wp-json\/wp\/v2\/posts"}],"about":[{"href":"https:\/\/www.grupotrianon.com\/trianon-ascensores\/wp-json\/wp\/v2\/types\/post"}],"author":[{"embeddable":true,"href":"https:\/\/www.grupotrianon.com\/trianon-ascensores\/wp-json\/wp\/v2\/users\/1"}],"replies":[{"embeddable":true,"href":"https:\/\/www.grupotrianon.com\/trianon-ascensores\/wp-json\/wp\/v2\/comments?post=1897"}],"version-history":[{"count":1,"href":"https:\/\/www.grupotrianon.com\/trianon-ascensores\/wp-json\/wp\/v2\/posts\/1897\/revisions"}],"predecessor-version":[{"id":1900,"href":"https:\/\/www.grupotrianon.com\/trianon-ascensores\/wp-json\/wp\/v2\/posts\/1897\/revisions\/1900"}],"wp:featuredmedia":[{"embeddable":true,"href":"https:\/\/www.grupotrianon.com\/trianon-ascensores\/wp-json\/wp\/v2\/media\/1899"}],"wp:attachment":[{"href":"https:\/\/www.grupotrianon.com\/trianon-ascensores\/wp-json\/wp\/v2\/media?parent=1897"}],"wp:term":[{"taxonomy":"category","embeddable":true,"href":"https:\/\/www.grupotrianon.com\/trianon-ascensores\/wp-json\/wp\/v2\/categories?post=1897"},{"taxonomy":"post_tag","embeddable":true,"href":"https:\/\/www.grupotrianon.com\/trianon-ascensores\/wp-json\/wp\/v2\/tags?post=1897"}],"curies":[{"name":"wp","href":"https:\/\/api.w.org\/{rel}","templated":true}]}}