{"id":2338,"date":"2024-10-16T11:40:27","date_gmt":"2024-10-16T16:40:27","guid":{"rendered":"https:\/\/www.grupotrianon.com\/trianon-ascensores\/?p=2338"},"modified":"2024-10-16T11:41:12","modified_gmt":"2024-10-16T16:41:12","slug":"garaventa-lift-celebra-el-dia-nacional-de-la-persona-con-discapacidad","status":"publish","type":"post","link":"https:\/\/www.grupotrianon.com\/trianon-ascensores\/2024\/10\/16\/garaventa-lift-celebra-el-dia-nacional-de-la-persona-con-discapacidad\/","title":{"rendered":"GARAVENTA Lift celebra el D\u00eda Nacional de la Persona con Discapacidad"},"content":{"rendered":"<p>Cada 16 de octubre se celebra el D\u00eda Nacional de la Persona con Discapacidad, una fecha que busca generar consciencia sobre la importancia de la inclusi\u00f3n, la igualdad de oportunidades y la eliminaci\u00f3n de barreras que impiden a las personas con discapacidad su participaci\u00f3n en la sociedad.<\/p>\n<p>La instalaci\u00f3n de <strong>salvaescaleras<\/strong> y <strong>elevadores para discapacitados<\/strong> en edificios, representa un compromiso fundamental para construir una sociedad verdaderamente inclusiva. Al garantizar que las personas con discapacidad puedan acceder sin dificultades a todos los espacios, se promueve una sociedad m\u00e1s justa, en la que la igualdad de oportunidades y la participaci\u00f3n plena se convierten en derechos reales y tangibles para todos.<\/p>\n<p>Grupo Trianon, distribuidor en Per\u00fa de ascensores para personas con movilidad reducida GARAVENTA Lift, saluda a todos los establecimientos p\u00fablicos y privados que, mediante estas <strong>plataformas para discapacitados<\/strong> de transporte vertical, permiten una movilidad sin restricciones<\/p>\n<p>Conozca los <strong>precio de ascensores salva escaleras <\/strong>o <strong>sillas para escaleras<\/strong> GARAVENTA con un <a href=\"https:\/\/www.grupotrianon.com\/trianon-ascensores\/contacto\/\"><strong><u>Clic Aqu\u00ed<\/u><\/strong><\/a><\/p>\n","protected":false},"excerpt":{"rendered":"<p>En el mercado de este importante d\u00eda, la instalaci\u00f3n de salvaescaleras y elevadores para discapacitados en edificios, representa un compromiso fundamental<\/p>\n","protected":false},"author":1,"featured_media":2339,"comment_status":"open","ping_status":"open","sticky":false,"template":"","format":"standard","meta":{"footnotes":""},"categories":[9],"tags":[],"class_list":["post-2338","post","type-post","status-publish","format-standard","has-post-thumbnail","hentry","category-ascensores-mitsubishi"],"aioseo_notices":[],"_links":{"self":[{"href":"https:\/\/www.grupotrianon.com\/trianon-ascensores\/wp-json\/wp\/v2\/posts\/2338","targetHints":{"allow":["GET"]}}],"collection":[{"href":"https:\/\/www.grupotrianon.com\/trianon-ascensores\/wp-json\/wp\/v2\/posts"}],"about":[{"href":"https:\/\/www.grupotrianon.com\/trianon-ascensores\/wp-json\/wp\/v2\/types\/post"}],"author":[{"embeddable":true,"href":"https:\/\/www.grupotrianon.com\/trianon-ascensores\/wp-json\/wp\/v2\/users\/1"}],"replies":[{"embeddable":true,"href":"https:\/\/www.grupotrianon.com\/trianon-ascensores\/wp-json\/wp\/v2\/comments?post=2338"}],"version-history":[{"count":2,"href":"https:\/\/www.grupotrianon.com\/trianon-ascensores\/wp-json\/wp\/v2\/posts\/2338\/revisions"}],"predecessor-version":[{"id":2341,"href":"https:\/\/www.grupotrianon.com\/trianon-ascensores\/wp-json\/wp\/v2\/posts\/2338\/revisions\/2341"}],"wp:featuredmedia":[{"embeddable":true,"href":"https:\/\/www.grupotrianon.com\/trianon-ascensores\/wp-json\/wp\/v2\/media\/2339"}],"wp:attachment":[{"href":"https:\/\/www.grupotrianon.com\/trianon-ascensores\/wp-json\/wp\/v2\/media?parent=2338"}],"wp:term":[{"taxonomy":"category","embeddable":true,"href":"https:\/\/www.grupotrianon.com\/trianon-ascensores\/wp-json\/wp\/v2\/categories?post=2338"},{"taxonomy":"post_tag","embeddable":true,"href":"https:\/\/www.grupotrianon.com\/trianon-ascensores\/wp-json\/wp\/v2\/tags?post=2338"}],"curies":[{"name":"wp","href":"https:\/\/api.w.org\/{rel}","templated":true}]}}