{"id":2353,"date":"2024-12-03T10:01:14","date_gmt":"2024-12-03T15:01:14","guid":{"rendered":"https:\/\/www.grupotrianon.com\/trianon-ascensores\/?p=2353"},"modified":"2024-12-03T10:03:44","modified_gmt":"2024-12-03T15:03:44","slug":"garaventa-lift-dia-internacional-de-la-persona-con-discapacidad","status":"publish","type":"post","link":"https:\/\/www.grupotrianon.com\/trianon-ascensores\/2024\/12\/03\/garaventa-lift-dia-internacional-de-la-persona-con-discapacidad\/","title":{"rendered":"GARAVENTA LIFT: D\u00eda Internacional de la Persona con Discapacidad"},"content":{"rendered":"<p>El 03 de diciembre se conmemora el D\u00eda Internacional de la Persona con Discapacidad, una fecha clave para reflexionar sobre la importancia de promover la inclusi\u00f3n social, el bienestar y los derechos de las personas con discapacidades.<\/p>\n<p>En Per\u00fa, Grupo TRIANON, es distribuidor oficial de las soluciones de GARAVENTA LIFT, una empresa l\u00edder a nivel mundial, especializada en el dise\u00f1o y suministro de equipos de transporte vertical o <strong>plataformas para discapacitados<\/strong>. Entre sus productos destacados se encuentran <strong>silla salvaescaleras<\/strong> y <strong>elevadores para discapacitados<\/strong>, todos fabricados con altos est\u00e1ndares de calidad y eficiencia para mejorar la movilidad y la accesibilidad.<\/p>\n<p>Para los edificios con limitaciones de acceso, sea en interiores como exteriores, contamos con el modelo Garaventa <strong>Enclosure<\/strong>, una plataforma con estructura propia que recorre trayectos de hasta 5 metros, o m\u00e1s, y sirve para una persona con movilidad reducida y su acompa\u00f1ante. En el caso de medios niveles, el Garaventa <strong>Opal<\/strong> es una soluci\u00f3n que ofrece seguridad y f\u00e1cil manejo y llega hasta 1.5m de altura.<\/p>\n<p>Soluciones como estas ayudan a las personas a recuperar su independencia, haciendo que la accesibilidad sea una realidad.<\/p>\n<p>Conozca m\u00e1s informaci\u00f3n sobre precio del <strong>ascensor para discapacitados<\/strong> GARAVENTA, con un <a href=\"https:\/\/www.grupotrianon.com\/trianon-ascensores\/contacto\/\"><strong><u>Clic Aqu\u00ed<\/u><\/strong><\/a><\/p>\n","protected":false},"excerpt":{"rendered":"<p>En el mercado de este importante d\u00eda, la instalaci\u00f3n de salvaescaleras y elevadores para discapacitados en edificios, representa un compromiso fundamental<\/p>\n","protected":false},"author":1,"featured_media":2354,"comment_status":"open","ping_status":"open","sticky":false,"template":"","format":"standard","meta":{"footnotes":""},"categories":[9],"tags":[],"class_list":["post-2353","post","type-post","status-publish","format-standard","has-post-thumbnail","hentry","category-ascensores-mitsubishi"],"aioseo_notices":[],"_links":{"self":[{"href":"https:\/\/www.grupotrianon.com\/trianon-ascensores\/wp-json\/wp\/v2\/posts\/2353","targetHints":{"allow":["GET"]}}],"collection":[{"href":"https:\/\/www.grupotrianon.com\/trianon-ascensores\/wp-json\/wp\/v2\/posts"}],"about":[{"href":"https:\/\/www.grupotrianon.com\/trianon-ascensores\/wp-json\/wp\/v2\/types\/post"}],"author":[{"embeddable":true,"href":"https:\/\/www.grupotrianon.com\/trianon-ascensores\/wp-json\/wp\/v2\/users\/1"}],"replies":[{"embeddable":true,"href":"https:\/\/www.grupotrianon.com\/trianon-ascensores\/wp-json\/wp\/v2\/comments?post=2353"}],"version-history":[{"count":3,"href":"https:\/\/www.grupotrianon.com\/trianon-ascensores\/wp-json\/wp\/v2\/posts\/2353\/revisions"}],"predecessor-version":[{"id":2357,"href":"https:\/\/www.grupotrianon.com\/trianon-ascensores\/wp-json\/wp\/v2\/posts\/2353\/revisions\/2357"}],"wp:featuredmedia":[{"embeddable":true,"href":"https:\/\/www.grupotrianon.com\/trianon-ascensores\/wp-json\/wp\/v2\/media\/2354"}],"wp:attachment":[{"href":"https:\/\/www.grupotrianon.com\/trianon-ascensores\/wp-json\/wp\/v2\/media?parent=2353"}],"wp:term":[{"taxonomy":"category","embeddable":true,"href":"https:\/\/www.grupotrianon.com\/trianon-ascensores\/wp-json\/wp\/v2\/categories?post=2353"},{"taxonomy":"post_tag","embeddable":true,"href":"https:\/\/www.grupotrianon.com\/trianon-ascensores\/wp-json\/wp\/v2\/tags?post=2353"}],"curies":[{"name":"wp","href":"https:\/\/api.w.org\/{rel}","templated":true}]}}