{"id":2466,"date":"2025-09-02T09:12:35","date_gmt":"2025-09-02T14:12:35","guid":{"rendered":"https:\/\/www.grupotrianon.com\/trianon-ascensores\/?p=2466"},"modified":"2025-09-02T09:19:07","modified_gmt":"2025-09-02T14:19:07","slug":"arequipa-estrena-la-movilidad-vertical-mas-avanzada-del-mundo","status":"publish","type":"post","link":"https:\/\/www.grupotrianon.com\/trianon-ascensores\/2025\/09\/02\/arequipa-estrena-la-movilidad-vertical-mas-avanzada-del-mundo\/","title":{"rendered":"Arequipa Estrena la movilidad vertical m\u00e1s avanzada del mundo"},"content":{"rendered":"<p>La <strong>Universidad Cat\u00f3lica de Santa Mar\u00eda<\/strong> de Arequipa ahora cuenta con 10 <strong>ascensores Mitsubishi<\/strong>, incluyendo un conjunto \u00fanico de 8 interconectados, instalados por <strong>TRIANON Ascensores<\/strong>.<\/p>\n<p>En el marco de la inauguraci\u00f3n de nuestra nueva oficina en Arequipa, recibimos al Sr. <strong>Yutaka Uno<\/strong>, CEO y Presidente de <strong>Mitsubishi Electric Per\u00fa<\/strong> y Hajime Minamoto, Director de Mitsubishi Corporation, quienes recorrieron el campus y conocieron de cerca esta implementaci\u00f3n quien recorrieron el campus y conocieron de cerca esta obra que sit\u00faa a la universidad a la vanguardia tecnol\u00f3gica en movilidad vertical.<\/p>\n<p>La implementaci\u00f3n de estos <strong>ascensores<\/strong> optimizar\u00e1 el flujo interno del campus, ofreciendo a estudiantes y personal acad\u00e9mico un medio de transporte c\u00f3modo, eficiente y seguro.<\/p>\n<p style=\"text-align: center;\"><img loading=\"lazy\" decoding=\"async\" class=\"size-medium wp-image-2468 alignnone\" src=\"https:\/\/www.grupotrianon.com\/trianon-ascensores\/wp-content\/uploads\/2025\/09\/foto-ascensores-1.png\" alt=\"\" width=\"300\" height=\"200\" \/> \u00a0 <img loading=\"lazy\" decoding=\"async\" class=\"size-medium wp-image-2467 alignnone\" src=\"https:\/\/www.grupotrianon.com\/trianon-ascensores\/wp-content\/uploads\/2025\/09\/foto-ascensores-2.png\" alt=\"\" width=\"300\" height=\"201\" \/><\/p>\n<p style=\"text-align: center;\"><img loading=\"lazy\" decoding=\"async\" class=\"size-medium wp-image-2468 alignnone\" src=\"https:\/\/www.grupotrianon.com\/trianon-ascensores\/wp-content\/uploads\/2025\/09\/foto-ascensores-3-300x200.png\" alt=\"\" width=\"300\" height=\"200\" srcset=\"https:\/\/www.grupotrianon.com\/trianon-ascensores\/wp-content\/uploads\/2025\/09\/foto-ascensores-3-300x200.png 300w, https:\/\/www.grupotrianon.com\/trianon-ascensores\/wp-content\/uploads\/2025\/09\/foto-ascensores-3-768x511.png 768w, https:\/\/www.grupotrianon.com\/trianon-ascensores\/wp-content\/uploads\/2025\/09\/foto-ascensores-3.png 881w\" sizes=\"auto, (max-width: 300px) 100vw, 300px\" \/> \u00a0 <img loading=\"lazy\" decoding=\"async\" class=\"size-medium wp-image-2467 alignnone\" src=\"https:\/\/www.grupotrianon.com\/trianon-ascensores\/wp-content\/uploads\/2025\/09\/foto-ascensores-4-300x201.png\" alt=\"\" width=\"300\" height=\"201\" srcset=\"https:\/\/www.grupotrianon.com\/trianon-ascensores\/wp-content\/uploads\/2025\/09\/foto-ascensores-4-300x201.png 300w, https:\/\/www.grupotrianon.com\/trianon-ascensores\/wp-content\/uploads\/2025\/09\/foto-ascensores-4-768x514.png 768w, https:\/\/www.grupotrianon.com\/trianon-ascensores\/wp-content\/uploads\/2025\/09\/foto-ascensores-4.png 871w\" sizes=\"auto, (max-width: 300px) 100vw, 300px\" \/><\/p>\n<p>Por el lado de Trianon, estuvieron presentes por Flor Marchese, Presidente del Directorio de Grupo TRIANON; Pierre Fort, Gerente General de TRIANON Ascensores; y el Arq. Luis Zwiebach, Fundador de Grupo Trianon.<\/p>\n<p>Si desea cotizar u obtener m\u00e1s informaci\u00f3n sobre los Ascensores Mitsubishi, haga <a href=\"https:\/\/www.grupotrianon.com\/trianon-ascensores\/contacto\/\" target=\"_blank\" rel=\"noopener\"><strong><u>Clic Aqu\u00ed<\/u><\/strong><\/a><\/p>\n","protected":false},"excerpt":{"rendered":"<p>La Universidad Cat\u00f3lica de Santa Mar\u00eda de Arequipa ahora cuenta con 10 ascensores Mitsubishi, incluyendo un conjunto \u00fanico de 8 interconectados, instalados por TRIANON Ascensores<\/p>\n","protected":false},"author":1,"featured_media":2471,"comment_status":"open","ping_status":"open","sticky":false,"template":"","format":"standard","meta":{"footnotes":""},"categories":[9],"tags":[],"class_list":["post-2466","post","type-post","status-publish","format-standard","has-post-thumbnail","hentry","category-ascensores-mitsubishi"],"aioseo_notices":[],"_links":{"self":[{"href":"https:\/\/www.grupotrianon.com\/trianon-ascensores\/wp-json\/wp\/v2\/posts\/2466","targetHints":{"allow":["GET"]}}],"collection":[{"href":"https:\/\/www.grupotrianon.com\/trianon-ascensores\/wp-json\/wp\/v2\/posts"}],"about":[{"href":"https:\/\/www.grupotrianon.com\/trianon-ascensores\/wp-json\/wp\/v2\/types\/post"}],"author":[{"embeddable":true,"href":"https:\/\/www.grupotrianon.com\/trianon-ascensores\/wp-json\/wp\/v2\/users\/1"}],"replies":[{"embeddable":true,"href":"https:\/\/www.grupotrianon.com\/trianon-ascensores\/wp-json\/wp\/v2\/comments?post=2466"}],"version-history":[{"count":8,"href":"https:\/\/www.grupotrianon.com\/trianon-ascensores\/wp-json\/wp\/v2\/posts\/2466\/revisions"}],"predecessor-version":[{"id":2479,"href":"https:\/\/www.grupotrianon.com\/trianon-ascensores\/wp-json\/wp\/v2\/posts\/2466\/revisions\/2479"}],"wp:featuredmedia":[{"embeddable":true,"href":"https:\/\/www.grupotrianon.com\/trianon-ascensores\/wp-json\/wp\/v2\/media\/2471"}],"wp:attachment":[{"href":"https:\/\/www.grupotrianon.com\/trianon-ascensores\/wp-json\/wp\/v2\/media?parent=2466"}],"wp:term":[{"taxonomy":"category","embeddable":true,"href":"https:\/\/www.grupotrianon.com\/trianon-ascensores\/wp-json\/wp\/v2\/categories?post=2466"},{"taxonomy":"post_tag","embeddable":true,"href":"https:\/\/www.grupotrianon.com\/trianon-ascensores\/wp-json\/wp\/v2\/tags?post=2466"}],"curies":[{"name":"wp","href":"https:\/\/api.w.org\/{rel}","templated":true}]}}