{"id":4150,"date":"2023-08-11T13:05:31","date_gmt":"2023-08-11T18:05:31","guid":{"rendered":"https:\/\/www.grupotrianon.com\/trianon-energo\/?p=4150"},"modified":"2023-08-11T13:09:10","modified_gmt":"2023-08-11T18:09:10","slug":"grupo-trianon-en-inauguracion-de-las-nuevas-oficinas-de-imagina-en-edificio-t-tower","status":"publish","type":"post","link":"https:\/\/www.grupotrianon.com\/trianon-energo\/2023\/08\/11\/grupo-trianon-en-inauguracion-de-las-nuevas-oficinas-de-imagina-en-edificio-t-tower\/","title":{"rendered":"Grupo TRIANON en inauguraci\u00f3n de las nuevas oficinas de IMAGINA en edificio T Tower"},"content":{"rendered":"<p><strong>Un nuevo nombre en el horizonte urban\u00edstico de nuestra capital<\/strong><\/p>\n<p>El mi\u00e9rcoles 09 de agosto por la noche, Grupo Trianon particip\u00f3 en la inauguraci\u00f3n de las oficinas de Imagina, con la representaci\u00f3n de nuestro Gerente de Marketing, el Arq. Luis Zwiebach.<\/p>\n<p>El evento se desarroll\u00f3 en el moderno edificio de oficinas T Tower, estrat\u00e9gicamente ubicado en la esquina de Rivera Navarrete con Javier Prado, San Isidro.<\/p>\n<p>La noche comenz\u00f3 con un recorrido por las nuevas oficinas de Imagina. Estas instalaciones est\u00e1n dise\u00f1adas con un enfoque colaborativo y flexible, creando un ambiente laboral excepcional que fomenta tanto la integraci\u00f3n como la productividad.<\/p>\n<p>La sorpresa ocurri\u00f3 en el rooftop durante los discursos, cuando en una pantalla gigante se proyect\u00f3 en tiempo real la vista exterior del edificio. Luego de una cuenta regresiva, se ilumin\u00f3 el nombre de \u00abImagina\u00bb que coron\u00f3 el edificio.<\/p>\n<p>Es destacable ver c\u00f3mo los edificios importantes no se limiten \u00fanicamente a mostrar nombres de Entidades Bancarias u Hoteles prominentes y que una empresa del sector inmobiliario acceda a esa ubicaci\u00f3n tan significativa en el perfil urban\u00edstico de nuestra ciudad.<\/p>\n<p>Como Grupo Trianon, nos sentimos muy contentos de contribuir a trav\u00e9s de nuestros ascensores y soluciones de generaci\u00f3n solar, as\u00ed como mediante la instalaci\u00f3n de cargadores para autos el\u00e9ctricos al desarrollo de Imagina.<\/p>\n<p><img loading=\"lazy\" decoding=\"async\" class=\"aligncenter wp-image-4153\" src=\"https:\/\/www.grupotrianon.com\/trianon-energo\/wp-content\/uploads\/2023\/08\/grupo-trianon-en-inauguracion-de-las-nuevas-oficinas-de-imagina-en-edificio-t-tower-00001-300x300.jpg\" alt=\"\" width=\"500\" height=\"500\" srcset=\"https:\/\/www.grupotrianon.com\/trianon-energo\/wp-content\/uploads\/2023\/08\/grupo-trianon-en-inauguracion-de-las-nuevas-oficinas-de-imagina-en-edificio-t-tower-00001-300x300.jpg 300w, https:\/\/www.grupotrianon.com\/trianon-energo\/wp-content\/uploads\/2023\/08\/grupo-trianon-en-inauguracion-de-las-nuevas-oficinas-de-imagina-en-edificio-t-tower-00001-150x150.jpg 150w, https:\/\/www.grupotrianon.com\/trianon-energo\/wp-content\/uploads\/2023\/08\/grupo-trianon-en-inauguracion-de-las-nuevas-oficinas-de-imagina-en-edificio-t-tower-00001-768x768.jpg 768w, https:\/\/www.grupotrianon.com\/trianon-energo\/wp-content\/uploads\/2023\/08\/grupo-trianon-en-inauguracion-de-las-nuevas-oficinas-de-imagina-en-edificio-t-tower-00001.jpg 800w\" sizes=\"auto, (max-width: 500px) 100vw, 500px\" \/><\/p>\n<p style=\"margin: 0cm; text-align: center;\" align=\"center\"><strong><span lang=\"ES-PE\" style=\"font-size: 11.0pt; font-family: 'Calibri',sans-serif; color: black;\">Discurso de Michel Calder\u00f3n segundos antes de la cuenta regresiva<\/span><\/strong><\/p>\n<p>&nbsp;<\/p>\n<p><img loading=\"lazy\" decoding=\"async\" class=\"aligncenter wp-image-4154\" src=\"https:\/\/www.grupotrianon.com\/trianon-energo\/wp-content\/uploads\/2023\/08\/grupo-trianon-en-inauguracion-de-las-nuevas-oficinas-de-imagina-en-edificio-t-tower-00002-300x300.jpg\" alt=\"\" width=\"500\" height=\"500\" srcset=\"https:\/\/www.grupotrianon.com\/trianon-energo\/wp-content\/uploads\/2023\/08\/grupo-trianon-en-inauguracion-de-las-nuevas-oficinas-de-imagina-en-edificio-t-tower-00002-300x300.jpg 300w, https:\/\/www.grupotrianon.com\/trianon-energo\/wp-content\/uploads\/2023\/08\/grupo-trianon-en-inauguracion-de-las-nuevas-oficinas-de-imagina-en-edificio-t-tower-00002-150x150.jpg 150w, https:\/\/www.grupotrianon.com\/trianon-energo\/wp-content\/uploads\/2023\/08\/grupo-trianon-en-inauguracion-de-las-nuevas-oficinas-de-imagina-en-edificio-t-tower-00002-768x768.jpg 768w, https:\/\/www.grupotrianon.com\/trianon-energo\/wp-content\/uploads\/2023\/08\/grupo-trianon-en-inauguracion-de-las-nuevas-oficinas-de-imagina-en-edificio-t-tower-00002.jpg 800w\" sizes=\"auto, (max-width: 500px) 100vw, 500px\" \/><\/p>\n<p style=\"margin: 0cm; text-align: center;\" align=\"center\"><strong><span lang=\"ES-PE\" style=\"font-size: 11.0pt; font-family: 'Calibri',sans-serif; color: black;\">Luis y Michael Zwiebach con la pantalla gigante que muestra el exterior del imponente edificio, ahora coronado con el nombre Imagina.<\/span><\/strong><\/p>\n<p>&nbsp;<\/p>\n<p><img loading=\"lazy\" decoding=\"async\" class=\"aligncenter wp-image-4155\" src=\"https:\/\/www.grupotrianon.com\/trianon-energo\/wp-content\/uploads\/2023\/08\/grupo-trianon-en-inauguracion-de-las-nuevas-oficinas-de-imagina-en-edificio-t-tower-00003-300x293.jpg\" alt=\"\" width=\"500\" height=\"489\" srcset=\"https:\/\/www.grupotrianon.com\/trianon-energo\/wp-content\/uploads\/2023\/08\/grupo-trianon-en-inauguracion-de-las-nuevas-oficinas-de-imagina-en-edificio-t-tower-00003-300x293.jpg 300w, https:\/\/www.grupotrianon.com\/trianon-energo\/wp-content\/uploads\/2023\/08\/grupo-trianon-en-inauguracion-de-las-nuevas-oficinas-de-imagina-en-edificio-t-tower-00003-768x751.jpg 768w, https:\/\/www.grupotrianon.com\/trianon-energo\/wp-content\/uploads\/2023\/08\/grupo-trianon-en-inauguracion-de-las-nuevas-oficinas-de-imagina-en-edificio-t-tower-00003.jpg 800w\" sizes=\"auto, (max-width: 500px) 100vw, 500px\" \/><\/p>\n<p style=\"text-align: center;\"><strong>Edificio T Tower con nombre de Imagina<\/strong><\/p>\n<p>&nbsp;<\/p>\n<p>Conozca las soluciones que ofrece Grupo TRIANON para la industria inmobiliaria y de la construcci\u00f3n en los siguientes enlaces:<\/p>\n<p>Para conocer los Paneles Solares o Cargadores de Autos que provee TRIANON ENERGO,\u00a0<strong><a href=\"https:\/\/www.grupotrianon.com\/trianon-energo\/soluciones\/proyecto-paneles-solares-peru-precio-energias-fotovoltaicas-lima-arequipa-cuzco-trujillo-chiclayo-piura-celda-solar\/\">Clic Aqu\u00ed<\/a><\/strong><\/p>\n<p>Para conocer los Ascensores POWERTECH que regeneran energ\u00eda\u00a0<strong><a href=\"https:\/\/www.ascensorespowertech.com\/\">Clic Aqu\u00ed<\/a><\/strong><\/p>\n<p>Para conocer los Ascensores MITSUBISHI que regeneran energ\u00eda que provee TRIANON Ascensores,\u00a0<strong><a href=\"https:\/\/www.grupotrianon.com\/trianon-ascensores\">Clic Aqu\u00ed<\/a><\/strong><\/p>\n","protected":false},"excerpt":{"rendered":"<p>Un nuevo nombre en el horizonte urban\u00edstico de nuestra capital El mi\u00e9rcoles 09 de agosto por la noche, Grupo Trianon particip\u00f3 en la inauguraci\u00f3n de las oficinas de Imagina, con la representaci\u00f3n de nuestro Gerente de Marketing, el Arq. Luis Zwiebach. El evento se desarroll\u00f3 en el moderno edificio de oficinas T Tower, estrat\u00e9gicamente ubicado [&hellip;]<\/p>\n","protected":false},"author":1,"featured_media":4151,"comment_status":"open","ping_status":"open","sticky":false,"template":"","format":"standard","meta":{"footnotes":""},"categories":[1],"tags":[],"class_list":["post-4150","post","type-post","status-publish","format-standard","has-post-thumbnail","hentry","category-sin-categoria"],"_links":{"self":[{"href":"https:\/\/www.grupotrianon.com\/trianon-energo\/wp-json\/wp\/v2\/posts\/4150","targetHints":{"allow":["GET"]}}],"collection":[{"href":"https:\/\/www.grupotrianon.com\/trianon-energo\/wp-json\/wp\/v2\/posts"}],"about":[{"href":"https:\/\/www.grupotrianon.com\/trianon-energo\/wp-json\/wp\/v2\/types\/post"}],"author":[{"embeddable":true,"href":"https:\/\/www.grupotrianon.com\/trianon-energo\/wp-json\/wp\/v2\/users\/1"}],"replies":[{"embeddable":true,"href":"https:\/\/www.grupotrianon.com\/trianon-energo\/wp-json\/wp\/v2\/comments?post=4150"}],"version-history":[{"count":3,"href":"https:\/\/www.grupotrianon.com\/trianon-energo\/wp-json\/wp\/v2\/posts\/4150\/revisions"}],"predecessor-version":[{"id":4157,"href":"https:\/\/www.grupotrianon.com\/trianon-energo\/wp-json\/wp\/v2\/posts\/4150\/revisions\/4157"}],"wp:featuredmedia":[{"embeddable":true,"href":"https:\/\/www.grupotrianon.com\/trianon-energo\/wp-json\/wp\/v2\/media\/4151"}],"wp:attachment":[{"href":"https:\/\/www.grupotrianon.com\/trianon-energo\/wp-json\/wp\/v2\/media?parent=4150"}],"wp:term":[{"taxonomy":"category","embeddable":true,"href":"https:\/\/www.grupotrianon.com\/trianon-energo\/wp-json\/wp\/v2\/categories?post=4150"},{"taxonomy":"post_tag","embeddable":true,"href":"https:\/\/www.grupotrianon.com\/trianon-energo\/wp-json\/wp\/v2\/tags?post=4150"}],"curies":[{"name":"wp","href":"https:\/\/api.w.org\/{rel}","templated":true}]}}